{"id":86,"date":"2020-12-08T09:57:12","date_gmt":"2020-12-08T09:57:12","guid":{"rendered":"https:\/\/news.syntonia.biz\/?p=86"},"modified":"2021-07-20T14:02:11","modified_gmt":"2021-07-20T14:02:11","slug":"chiariamo-i-principali-dubbi-sulla-copertura-assicurativa-messa-in-campo-da-syntonia-e-inclusa-nel-canone-mensile-di-noleggio","status":"publish","type":"post","link":"https:\/\/news.syntonia.biz\/index.php\/2020\/12\/08\/chiariamo-i-principali-dubbi-sulla-copertura-assicurativa-messa-in-campo-da-syntonia-e-inclusa-nel-canone-mensile-di-noleggio\/","title":{"rendered":"Chiariamo i principali dubbi sulla copertura assicurativa messa in campo da Syntonia e inclusa nel canone mensile di noleggio"},"content":{"rendered":"<p>L\u2019<b>assicurazione auto<\/b>\u00a0\u00e8 una scelta fondamentale per ogni guidatore: tutelarsi in caso di incidenti, infortuni, furti o incendio non \u00e8 solo richiesto dalla legge, ma \u00e8 anche un\u2019esigenza prioritaria che nessuno pu\u00f2 trascurare.<\/p>\n<p>Scegliere la copertura assicurativa adeguata e conveniente non \u00e8 semplice e, specialmente per chi sceglie un\u2019<b>auto a noleggio<\/b>, \u00e8 importante chiedersi\u00a0<a href=\"https:\/\/www.syntonia.biz\/noleggio-lungo-termine\"><b>quale assicurazione \u00e8 prevista e come funziona<\/b>.<\/a><\/p>\n<p>Nel caso di Syntonia la risposta \u00e8 molto semplice: l&#8217;<b>assicurazione noleggio auto\u00a0<\/b>\u00e8 completa e garantisce non solo sicurezza e assistenza continua, ma anche convenienza. Non \u00e8 un caso se il passaggio a questa formula di noleggio<b>\u00a0<\/b>\u00e8 una tendenza in crescita, sia per aziende e partita IVA che per privati. \u00c8 una soluzione efficace ed economica che consente di godere di tutti i benefici della propriet\u00e0 senza doversi preoccupare degli aspetti amministrativi e gestionali collegati all\u2019acquisto di un veicolo, compresa l\u2019assicurazione per noleggio auto.<\/p>\n<h3>ASSICURAZIONE NOLEGGIO AUTO: GARANZIA DI RISPARMIO<\/h3>\n<p>Secondo un recente studio, l&#8217;Italia e i Paesi Bassi figurano come i\u00a0<strong>paesi europei con il costo di propriet\u00e0 auto pi\u00f9 alto<\/strong>.<\/p>\n<p>Il rapporto mette a confronto il TCO (<em>Total Cost of Ownership<\/em>) di 18 paesi europei e mostra che per gli automobilisti italiani guidare un veicolo di propriet\u00e0 costa in media 715 \u20ac al mese, contro una media di 617 \u20ac. Le\u00a0<strong>spese di<\/strong>\u00a0<b>assicurazione<\/b>, se ve lo state chiedendo, incidono sul\u00a0<em>Total Cost of Ownership<\/em>\u00a0per il 13% del totale.<\/p>\n<p>Una ragione in pi\u00f9 per preferire il\u00a0<a href=\"https:\/\/www.syntonia.biz\/noleggio-lungo-termine\"><strong>noleggio auto a lungo termine<\/strong><\/a>\u00a0che permette non solo di ottimizzare i costi,\u00a0ma anche mettersi al riparo da ogni rischio legato a imprevisti, incidenti e danni al veicolo e alle persone.<\/p>\n","protected":false},"excerpt":{"rendered":"<p>L\u2019assicurazione auto\u00a0\u00e8 una scelta fondamentale per ogni guidatore: tutelarsi in caso di incidenti, infortuni, furti o incendio non \u00e8 solo richiesto dalla legge, ma \u00e8 anche un\u2019esigenza prioritaria che nessuno pu\u00f2 trascurare. Scegliere la copertura assicurativa adeguata e conveniente non \u00e8 semplice e, specialmente per chi sceglie un\u2019auto a noleggio, \u00e8 importante chiedersi\u00a0quale assicurazione \u00e8 &hellip;<\/p>\n<p class=\"read-more\"> <a class=\"\" href=\"https:\/\/news.syntonia.biz\/index.php\/2020\/12\/08\/chiariamo-i-principali-dubbi-sulla-copertura-assicurativa-messa-in-campo-da-syntonia-e-inclusa-nel-canone-mensile-di-noleggio\/\"> <span class=\"screen-reader-text\">Chiariamo i principali dubbi sulla copertura assicurativa messa in campo da Syntonia e inclusa nel canone mensile di noleggio<\/span> Leggi altro &raquo;<\/a><\/p>\n","protected":false},"author":2,"featured_media":0,"comment_status":"closed","ping_status":"open","sticky":false,"template":"","format":"standard","meta":{"footnotes":""},"categories":[1],"tags":[],"class_list":["post-86","post","type-post","status-publish","format-standard","hentry","category-uncategorized"],"yoast_head":"<!-- This site is optimized with the Yoast SEO plugin v27.5 - https:\/\/yoast.com\/product\/yoast-seo-wordpress\/ -->\n<title>Chiariamo i principali dubbi sulla copertura assicurativa messa in campo da Syntonia e inclusa nel canone mensile di noleggio -<\/title>\n<meta name=\"robots\" content=\"index, follow, max-snippet:-1, max-image-preview:large, max-video-preview:-1\" \/>\n<link rel=\"canonical\" href=\"https:\/\/news.syntonia.biz\/index.php\/2020\/12\/08\/chiariamo-i-principali-dubbi-sulla-copertura-assicurativa-messa-in-campo-da-syntonia-e-inclusa-nel-canone-mensile-di-noleggio\/\" \/>\n<meta property=\"og:locale\" content=\"it_IT\" \/>\n<meta property=\"og:type\" content=\"article\" \/>\n<meta property=\"og:title\" content=\"Chiariamo i principali dubbi sulla copertura assicurativa messa in campo da Syntonia e inclusa nel canone mensile di noleggio -\" \/>\n<meta property=\"og:description\" content=\"L\u2019assicurazione auto\u00a0\u00e8 una scelta fondamentale per ogni guidatore: tutelarsi in caso di incidenti, infortuni, furti o incendio non \u00e8 solo richiesto dalla legge, ma \u00e8 anche un\u2019esigenza prioritaria che nessuno pu\u00f2 trascurare. Scegliere la copertura assicurativa adeguata e conveniente non \u00e8 semplice e, specialmente per chi sceglie un\u2019auto a noleggio, \u00e8 importante chiedersi\u00a0quale assicurazione \u00e8 &hellip; Chiariamo i principali dubbi sulla copertura assicurativa messa in campo da Syntonia e inclusa nel canone mensile di noleggio Leggi altro &raquo;\" \/>\n<meta property=\"og:url\" content=\"https:\/\/news.syntonia.biz\/index.php\/2020\/12\/08\/chiariamo-i-principali-dubbi-sulla-copertura-assicurativa-messa-in-campo-da-syntonia-e-inclusa-nel-canone-mensile-di-noleggio\/\" \/>\n<meta property=\"article:published_time\" content=\"2020-12-08T09:57:12+00:00\" \/>\n<meta property=\"article:modified_time\" content=\"2021-07-20T14:02:11+00:00\" \/>\n<meta name=\"author\" content=\"Bianca\" \/>\n<meta name=\"twitter:card\" content=\"summary_large_image\" \/>\n<meta name=\"twitter:label1\" content=\"Scritto da\" \/>\n\t<meta name=\"twitter:data1\" content=\"Bianca\" \/>\n\t<meta name=\"twitter:label2\" content=\"Tempo di lettura stimato\" \/>\n\t<meta name=\"twitter:data2\" content=\"1 minuto\" \/>\n<script type=\"application\/ld+json\" class=\"yoast-schema-graph\">{\"@context\":\"https:\\\/\\\/schema.org\",\"@graph\":[{\"@type\":\"Article\",\"@id\":\"https:\\\/\\\/news.syntonia.biz\\\/index.php\\\/2020\\\/12\\\/08\\\/chiariamo-i-principali-dubbi-sulla-copertura-assicurativa-messa-in-campo-da-syntonia-e-inclusa-nel-canone-mensile-di-noleggio\\\/#article\",\"isPartOf\":{\"@id\":\"https:\\\/\\\/news.syntonia.biz\\\/index.php\\\/2020\\\/12\\\/08\\\/chiariamo-i-principali-dubbi-sulla-copertura-assicurativa-messa-in-campo-da-syntonia-e-inclusa-nel-canone-mensile-di-noleggio\\\/\"},\"author\":{\"name\":\"Bianca\",\"@id\":\"https:\\\/\\\/news.syntonia.biz\\\/#\\\/schema\\\/person\\\/15e89e550936de5e4a1410a57c9ff472\"},\"headline\":\"Chiariamo i principali dubbi sulla copertura assicurativa messa in campo da Syntonia e inclusa nel canone mensile di noleggio\",\"datePublished\":\"2020-12-08T09:57:12+00:00\",\"dateModified\":\"2021-07-20T14:02:11+00:00\",\"mainEntityOfPage\":{\"@id\":\"https:\\\/\\\/news.syntonia.biz\\\/index.php\\\/2020\\\/12\\\/08\\\/chiariamo-i-principali-dubbi-sulla-copertura-assicurativa-messa-in-campo-da-syntonia-e-inclusa-nel-canone-mensile-di-noleggio\\\/\"},\"wordCount\":282,\"articleSection\":[\"Uncategorized\"],\"inLanguage\":\"it-IT\"},{\"@type\":\"WebPage\",\"@id\":\"https:\\\/\\\/news.syntonia.biz\\\/index.php\\\/2020\\\/12\\\/08\\\/chiariamo-i-principali-dubbi-sulla-copertura-assicurativa-messa-in-campo-da-syntonia-e-inclusa-nel-canone-mensile-di-noleggio\\\/\",\"url\":\"https:\\\/\\\/news.syntonia.biz\\\/index.php\\\/2020\\\/12\\\/08\\\/chiariamo-i-principali-dubbi-sulla-copertura-assicurativa-messa-in-campo-da-syntonia-e-inclusa-nel-canone-mensile-di-noleggio\\\/\",\"name\":\"Chiariamo i principali dubbi sulla copertura assicurativa messa in campo da Syntonia e inclusa nel canone mensile di noleggio -\",\"isPartOf\":{\"@id\":\"https:\\\/\\\/news.syntonia.biz\\\/#website\"},\"datePublished\":\"2020-12-08T09:57:12+00:00\",\"dateModified\":\"2021-07-20T14:02:11+00:00\",\"author\":{\"@id\":\"https:\\\/\\\/news.syntonia.biz\\\/#\\\/schema\\\/person\\\/15e89e550936de5e4a1410a57c9ff472\"},\"breadcrumb\":{\"@id\":\"https:\\\/\\\/news.syntonia.biz\\\/index.php\\\/2020\\\/12\\\/08\\\/chiariamo-i-principali-dubbi-sulla-copertura-assicurativa-messa-in-campo-da-syntonia-e-inclusa-nel-canone-mensile-di-noleggio\\\/#breadcrumb\"},\"inLanguage\":\"it-IT\",\"potentialAction\":[{\"@type\":\"ReadAction\",\"target\":[\"https:\\\/\\\/news.syntonia.biz\\\/index.php\\\/2020\\\/12\\\/08\\\/chiariamo-i-principali-dubbi-sulla-copertura-assicurativa-messa-in-campo-da-syntonia-e-inclusa-nel-canone-mensile-di-noleggio\\\/\"]}]},{\"@type\":\"BreadcrumbList\",\"@id\":\"https:\\\/\\\/news.syntonia.biz\\\/index.php\\\/2020\\\/12\\\/08\\\/chiariamo-i-principali-dubbi-sulla-copertura-assicurativa-messa-in-campo-da-syntonia-e-inclusa-nel-canone-mensile-di-noleggio\\\/#breadcrumb\",\"itemListElement\":[{\"@type\":\"ListItem\",\"position\":1,\"name\":\"Home\",\"item\":\"https:\\\/\\\/news.syntonia.biz\\\/\"},{\"@type\":\"ListItem\",\"position\":2,\"name\":\"Chiariamo i principali dubbi sulla copertura assicurativa messa in campo da Syntonia e inclusa nel canone mensile di noleggio\"}]},{\"@type\":\"WebSite\",\"@id\":\"https:\\\/\\\/news.syntonia.biz\\\/#website\",\"url\":\"https:\\\/\\\/news.syntonia.biz\\\/\",\"name\":\"\",\"description\":\"Notizie ed Informazioni sul Noleggio a Lungo Termine\",\"potentialAction\":[{\"@type\":\"SearchAction\",\"target\":{\"@type\":\"EntryPoint\",\"urlTemplate\":\"https:\\\/\\\/news.syntonia.biz\\\/?s={search_term_string}\"},\"query-input\":{\"@type\":\"PropertyValueSpecification\",\"valueRequired\":true,\"valueName\":\"search_term_string\"}}],\"inLanguage\":\"it-IT\"},{\"@type\":\"Person\",\"@id\":\"https:\\\/\\\/news.syntonia.biz\\\/#\\\/schema\\\/person\\\/15e89e550936de5e4a1410a57c9ff472\",\"name\":\"Bianca\",\"image\":{\"@type\":\"ImageObject\",\"inLanguage\":\"it-IT\",\"@id\":\"https:\\\/\\\/secure.gravatar.com\\\/avatar\\\/f5220700c26428f1596ed79b01c7cdd7c9841042326bdd53da760d9715e4bd08?s=96&d=mm&r=g\",\"url\":\"https:\\\/\\\/secure.gravatar.com\\\/avatar\\\/f5220700c26428f1596ed79b01c7cdd7c9841042326bdd53da760d9715e4bd08?s=96&d=mm&r=g\",\"contentUrl\":\"https:\\\/\\\/secure.gravatar.com\\\/avatar\\\/f5220700c26428f1596ed79b01c7cdd7c9841042326bdd53da760d9715e4bd08?s=96&d=mm&r=g\",\"caption\":\"Bianca\"},\"url\":\"https:\\\/\\\/news.syntonia.biz\\\/index.php\\\/author\\\/bianca\\\/\"}]}<\/script>\n<!-- \/ Yoast SEO plugin. -->","yoast_head_json":{"title":"Chiariamo i principali dubbi sulla copertura assicurativa messa in campo da Syntonia e inclusa nel canone mensile di noleggio -","robots":{"index":"index","follow":"follow","max-snippet":"max-snippet:-1","max-image-preview":"max-image-preview:large","max-video-preview":"max-video-preview:-1"},"canonical":"https:\/\/news.syntonia.biz\/index.php\/2020\/12\/08\/chiariamo-i-principali-dubbi-sulla-copertura-assicurativa-messa-in-campo-da-syntonia-e-inclusa-nel-canone-mensile-di-noleggio\/","og_locale":"it_IT","og_type":"article","og_title":"Chiariamo i principali dubbi sulla copertura assicurativa messa in campo da Syntonia e inclusa nel canone mensile di noleggio -","og_description":"L\u2019assicurazione auto\u00a0\u00e8 una scelta fondamentale per ogni guidatore: tutelarsi in caso di incidenti, infortuni, furti o incendio non \u00e8 solo richiesto dalla legge, ma \u00e8 anche un\u2019esigenza prioritaria che nessuno pu\u00f2 trascurare. Scegliere la copertura assicurativa adeguata e conveniente non \u00e8 semplice e, specialmente per chi sceglie un\u2019auto a noleggio, \u00e8 importante chiedersi\u00a0quale assicurazione \u00e8 &hellip; Chiariamo i principali dubbi sulla copertura assicurativa messa in campo da Syntonia e inclusa nel canone mensile di noleggio Leggi altro &raquo;","og_url":"https:\/\/news.syntonia.biz\/index.php\/2020\/12\/08\/chiariamo-i-principali-dubbi-sulla-copertura-assicurativa-messa-in-campo-da-syntonia-e-inclusa-nel-canone-mensile-di-noleggio\/","article_published_time":"2020-12-08T09:57:12+00:00","article_modified_time":"2021-07-20T14:02:11+00:00","author":"Bianca","twitter_card":"summary_large_image","twitter_misc":{"Scritto da":"Bianca","Tempo di lettura stimato":"1 minuto"},"schema":{"@context":"https:\/\/schema.org","@graph":[{"@type":"Article","@id":"https:\/\/news.syntonia.biz\/index.php\/2020\/12\/08\/chiariamo-i-principali-dubbi-sulla-copertura-assicurativa-messa-in-campo-da-syntonia-e-inclusa-nel-canone-mensile-di-noleggio\/#article","isPartOf":{"@id":"https:\/\/news.syntonia.biz\/index.php\/2020\/12\/08\/chiariamo-i-principali-dubbi-sulla-copertura-assicurativa-messa-in-campo-da-syntonia-e-inclusa-nel-canone-mensile-di-noleggio\/"},"author":{"name":"Bianca","@id":"https:\/\/news.syntonia.biz\/#\/schema\/person\/15e89e550936de5e4a1410a57c9ff472"},"headline":"Chiariamo i principali dubbi sulla copertura assicurativa messa in campo da Syntonia e inclusa nel canone mensile di noleggio","datePublished":"2020-12-08T09:57:12+00:00","dateModified":"2021-07-20T14:02:11+00:00","mainEntityOfPage":{"@id":"https:\/\/news.syntonia.biz\/index.php\/2020\/12\/08\/chiariamo-i-principali-dubbi-sulla-copertura-assicurativa-messa-in-campo-da-syntonia-e-inclusa-nel-canone-mensile-di-noleggio\/"},"wordCount":282,"articleSection":["Uncategorized"],"inLanguage":"it-IT"},{"@type":"WebPage","@id":"https:\/\/news.syntonia.biz\/index.php\/2020\/12\/08\/chiariamo-i-principali-dubbi-sulla-copertura-assicurativa-messa-in-campo-da-syntonia-e-inclusa-nel-canone-mensile-di-noleggio\/","url":"https:\/\/news.syntonia.biz\/index.php\/2020\/12\/08\/chiariamo-i-principali-dubbi-sulla-copertura-assicurativa-messa-in-campo-da-syntonia-e-inclusa-nel-canone-mensile-di-noleggio\/","name":"Chiariamo i principali dubbi sulla copertura assicurativa messa in campo da Syntonia e inclusa nel canone mensile di noleggio -","isPartOf":{"@id":"https:\/\/news.syntonia.biz\/#website"},"datePublished":"2020-12-08T09:57:12+00:00","dateModified":"2021-07-20T14:02:11+00:00","author":{"@id":"https:\/\/news.syntonia.biz\/#\/schema\/person\/15e89e550936de5e4a1410a57c9ff472"},"breadcrumb":{"@id":"https:\/\/news.syntonia.biz\/index.php\/2020\/12\/08\/chiariamo-i-principali-dubbi-sulla-copertura-assicurativa-messa-in-campo-da-syntonia-e-inclusa-nel-canone-mensile-di-noleggio\/#breadcrumb"},"inLanguage":"it-IT","potentialAction":[{"@type":"ReadAction","target":["https:\/\/news.syntonia.biz\/index.php\/2020\/12\/08\/chiariamo-i-principali-dubbi-sulla-copertura-assicurativa-messa-in-campo-da-syntonia-e-inclusa-nel-canone-mensile-di-noleggio\/"]}]},{"@type":"BreadcrumbList","@id":"https:\/\/news.syntonia.biz\/index.php\/2020\/12\/08\/chiariamo-i-principali-dubbi-sulla-copertura-assicurativa-messa-in-campo-da-syntonia-e-inclusa-nel-canone-mensile-di-noleggio\/#breadcrumb","itemListElement":[{"@type":"ListItem","position":1,"name":"Home","item":"https:\/\/news.syntonia.biz\/"},{"@type":"ListItem","position":2,"name":"Chiariamo i principali dubbi sulla copertura assicurativa messa in campo da Syntonia e inclusa nel canone mensile di noleggio"}]},{"@type":"WebSite","@id":"https:\/\/news.syntonia.biz\/#website","url":"https:\/\/news.syntonia.biz\/","name":"","description":"Notizie ed Informazioni sul Noleggio a Lungo Termine","potentialAction":[{"@type":"SearchAction","target":{"@type":"EntryPoint","urlTemplate":"https:\/\/news.syntonia.biz\/?s={search_term_string}"},"query-input":{"@type":"PropertyValueSpecification","valueRequired":true,"valueName":"search_term_string"}}],"inLanguage":"it-IT"},{"@type":"Person","@id":"https:\/\/news.syntonia.biz\/#\/schema\/person\/15e89e550936de5e4a1410a57c9ff472","name":"Bianca","image":{"@type":"ImageObject","inLanguage":"it-IT","@id":"https:\/\/secure.gravatar.com\/avatar\/f5220700c26428f1596ed79b01c7cdd7c9841042326bdd53da760d9715e4bd08?s=96&d=mm&r=g","url":"https:\/\/secure.gravatar.com\/avatar\/f5220700c26428f1596ed79b01c7cdd7c9841042326bdd53da760d9715e4bd08?s=96&d=mm&r=g","contentUrl":"https:\/\/secure.gravatar.com\/avatar\/f5220700c26428f1596ed79b01c7cdd7c9841042326bdd53da760d9715e4bd08?s=96&d=mm&r=g","caption":"Bianca"},"url":"https:\/\/news.syntonia.biz\/index.php\/author\/bianca\/"}]}},"_links":{"self":[{"href":"https:\/\/news.syntonia.biz\/index.php\/wp-json\/wp\/v2\/posts\/86","targetHints":{"allow":["GET"]}}],"collection":[{"href":"https:\/\/news.syntonia.biz\/index.php\/wp-json\/wp\/v2\/posts"}],"about":[{"href":"https:\/\/news.syntonia.biz\/index.php\/wp-json\/wp\/v2\/types\/post"}],"author":[{"embeddable":true,"href":"https:\/\/news.syntonia.biz\/index.php\/wp-json\/wp\/v2\/users\/2"}],"replies":[{"embeddable":true,"href":"https:\/\/news.syntonia.biz\/index.php\/wp-json\/wp\/v2\/comments?post=86"}],"version-history":[{"count":2,"href":"https:\/\/news.syntonia.biz\/index.php\/wp-json\/wp\/v2\/posts\/86\/revisions"}],"predecessor-version":[{"id":503,"href":"https:\/\/news.syntonia.biz\/index.php\/wp-json\/wp\/v2\/posts\/86\/revisions\/503"}],"wp:attachment":[{"href":"https:\/\/news.syntonia.biz\/index.php\/wp-json\/wp\/v2\/media?parent=86"}],"wp:term":[{"taxonomy":"category","embeddable":true,"href":"https:\/\/news.syntonia.biz\/index.php\/wp-json\/wp\/v2\/categories?post=86"},{"taxonomy":"post_tag","embeddable":true,"href":"https:\/\/news.syntonia.biz\/index.php\/wp-json\/wp\/v2\/tags?post=86"}],"curies":[{"name":"wp","href":"https:\/\/api.w.org\/{rel}","templated":true}]}}